{"id":6100,"date":"2026-04-30T07:48:42","date_gmt":"2026-04-30T05:48:42","guid":{"rendered":"https:\/\/vailly74.fr\/?p=6100"},"modified":"2026-04-30T07:48:43","modified_gmt":"2026-04-30T05:48:43","slug":"vailly-commemoration-de-la-victoire-1945","status":"publish","type":"post","link":"https:\/\/vailly74.fr\/index.php\/2026\/04\/30\/vailly-commemoration-de-la-victoire-1945\/","title":{"rendered":"Vailly \u2013 Comm\u00e9moration de la Victoire 1945"},"content":{"rendered":"\n<p>La commune de Vailly vous invite \u00e0 participer \u00e0 la c\u00e9r\u00e9monie comm\u00e9morative de la Victoire de 1945.<\/p>\n\n\n\n<p>\ud83d\udcc5 <strong>Vendredi 8 mai 2026<\/strong><br>\ud83d\udd65 <strong>\u00c0 10h30<\/strong><br>\ud83d\udccd <strong>Devant le monument aux morts<\/strong><\/p>\n\n\n\n<p>Cette c\u00e9r\u00e9monie se d\u00e9roulera avec la participation du <strong>Conseil municipal des jeunes<\/strong> et de <strong>l\u2019Union instrumentale<\/strong>.<\/p>\n\n\n\n<p><strong>Un vin d\u2019honneur sera servi \u00e0 l\u2019issue de la c\u00e9r\u00e9monie.<\/strong><\/p>\n\n\n\n<figure class=\"wp-block-image size-large\"><img loading=\"lazy\" decoding=\"async\" width=\"683\" height=\"1024\" src=\"http:\/\/vailly74.fr\/wp-content\/uploads\/2026\/04\/Affiche-8-mai-2026-683x1024.png\" alt=\"\" class=\"wp-image-6101\" srcset=\"https:\/\/vailly74.fr\/wp-content\/uploads\/2026\/04\/Affiche-8-mai-2026-683x1024.png 683w, https:\/\/vailly74.fr\/wp-content\/uploads\/2026\/04\/Affiche-8-mai-2026-200x300.png 200w, https:\/\/vailly74.fr\/wp-content\/uploads\/2026\/04\/Affiche-8-mai-2026-768x1152.png 768w, https:\/\/vailly74.fr\/wp-content\/uploads\/2026\/04\/Affiche-8-mai-2026.png 1024w\" sizes=\"auto, (max-width: 683px) 100vw, 683px\" \/><\/figure>\n","protected":false},"excerpt":{"rendered":"<p>La commune de Vailly vous invite \u00e0 participer \u00e0 la c\u00e9r\u00e9monie comm\u00e9morative de la Victoire de 1945. \ud83d\udcc5 Vendredi 8 mai 2026\ud83d\udd65 \u00c0 10h30\ud83d\udccd Devant le monument aux morts Cette c\u00e9r\u00e9monie se d\u00e9roulera avec la participation du Conseil municipal des<\/p>\n","protected":false},"author":1,"featured_media":6101,"comment_status":"closed","ping_status":"closed","sticky":false,"template":"","format":"standard","meta":{"_mi_skip_tracking":false,"footnotes":""},"categories":[16],"tags":[],"class_list":["post-6100","post","type-post","status-publish","format-standard","has-post-thumbnail","hentry","category-ceremonie"],"_links":{"self":[{"href":"https:\/\/vailly74.fr\/index.php\/wp-json\/wp\/v2\/posts\/6100","targetHints":{"allow":["GET"]}}],"collection":[{"href":"https:\/\/vailly74.fr\/index.php\/wp-json\/wp\/v2\/posts"}],"about":[{"href":"https:\/\/vailly74.fr\/index.php\/wp-json\/wp\/v2\/types\/post"}],"author":[{"embeddable":true,"href":"https:\/\/vailly74.fr\/index.php\/wp-json\/wp\/v2\/users\/1"}],"replies":[{"embeddable":true,"href":"https:\/\/vailly74.fr\/index.php\/wp-json\/wp\/v2\/comments?post=6100"}],"version-history":[{"count":1,"href":"https:\/\/vailly74.fr\/index.php\/wp-json\/wp\/v2\/posts\/6100\/revisions"}],"predecessor-version":[{"id":6102,"href":"https:\/\/vailly74.fr\/index.php\/wp-json\/wp\/v2\/posts\/6100\/revisions\/6102"}],"wp:featuredmedia":[{"embeddable":true,"href":"https:\/\/vailly74.fr\/index.php\/wp-json\/wp\/v2\/media\/6101"}],"wp:attachment":[{"href":"https:\/\/vailly74.fr\/index.php\/wp-json\/wp\/v2\/media?parent=6100"}],"wp:term":[{"taxonomy":"category","embeddable":true,"href":"https:\/\/vailly74.fr\/index.php\/wp-json\/wp\/v2\/categories?post=6100"},{"taxonomy":"post_tag","embeddable":true,"href":"https:\/\/vailly74.fr\/index.php\/wp-json\/wp\/v2\/tags?post=6100"}],"curies":[{"name":"wp","href":"https:\/\/api.w.org\/{rel}","templated":true}]}}