{"id":6095,"date":"2026-04-28T17:18:13","date_gmt":"2026-04-28T15:18:13","guid":{"rendered":"https:\/\/vailly74.fr\/?p=6095"},"modified":"2026-04-28T17:18:14","modified_gmt":"2026-04-28T15:18:14","slug":"vente-de-plantons-et-de-fleurs","status":"publish","type":"post","link":"https:\/\/vailly74.fr\/index.php\/2026\/04\/28\/vente-de-plantons-et-de-fleurs\/","title":{"rendered":"Vente de plantons et de fleurs"},"content":{"rendered":"\n<p>Le moment de jardiner est arriv\u00e9 ! L\u2019Association des Parents d\u2019\u00c9l\u00e8ves de l\u2019\u00e9cole \u00e9l\u00e9mentaire de Vailly vous propose une belle vente de plantons pr\u00eats \u00e0 \u00eatre repiqu\u00e9s ainsi qu\u2019une s\u00e9lection de fleurs pour embellir vos jardins, balcons et potagers \ud83c\udf31<\/p>\n\n\n\n<p>\ud83d\udcc4 <strong>Les bons de commande sont \u00e0 d\u00e9poser avant le jeudi 7 mai 2026<\/strong><br>\u27a1\ufe0f dans la bo\u00eete aux lettres de l\u2019APE<\/p>\n\n\n\n<p>\ud83d\udccd <strong>Retrait des commandes :<\/strong><br>Samedi 16 mai 2026<br>\ud83d\udd63 de 8h30 \u00e0 12h<br>\ud83d\udccc sur le parking devant le garage communal<\/p>\n\n\n\n<p>\ud83d\udcac N\u2019h\u00e9sitez pas \u00e0 partager l\u2019information autour de vous \ud83d\ude0a<\/p>\n\n\n\n<p>Merci pour votre soutien \u00e0 l\u2019APE et aux projets de l\u2019\u00e9cole ! \ud83c\udf3c<\/p>\n\n\n\n<figure class=\"wp-block-image size-large\"><img loading=\"lazy\" decoding=\"async\" width=\"719\" height=\"1024\" src=\"https:\/\/vailly74.fr\/wp-content\/uploads\/2026\/04\/677610141_1366271192208786_1082814117553335920_n-719x1024.jpg\" alt=\"\" class=\"wp-image-6096\" srcset=\"https:\/\/vailly74.fr\/wp-content\/uploads\/2026\/04\/677610141_1366271192208786_1082814117553335920_n-719x1024.jpg 719w, https:\/\/vailly74.fr\/wp-content\/uploads\/2026\/04\/677610141_1366271192208786_1082814117553335920_n-211x300.jpg 211w, https:\/\/vailly74.fr\/wp-content\/uploads\/2026\/04\/677610141_1366271192208786_1082814117553335920_n-768x1095.jpg 768w, https:\/\/vailly74.fr\/wp-content\/uploads\/2026\/04\/677610141_1366271192208786_1082814117553335920_n.jpg 1009w\" sizes=\"auto, (max-width: 719px) 100vw, 719px\" \/><\/figure>\n\n\n\n<figure class=\"wp-block-image size-large\"><img loading=\"lazy\" decoding=\"async\" width=\"1024\" height=\"745\" src=\"https:\/\/vailly74.fr\/wp-content\/uploads\/2026\/04\/681414352_1367849262050979_8072255404331270462_n-1024x745.jpg\" alt=\"\" class=\"wp-image-6097\" srcset=\"https:\/\/vailly74.fr\/wp-content\/uploads\/2026\/04\/681414352_1367849262050979_8072255404331270462_n-1024x745.jpg 1024w, https:\/\/vailly74.fr\/wp-content\/uploads\/2026\/04\/681414352_1367849262050979_8072255404331270462_n-300x218.jpg 300w, https:\/\/vailly74.fr\/wp-content\/uploads\/2026\/04\/681414352_1367849262050979_8072255404331270462_n-768x559.jpg 768w, https:\/\/vailly74.fr\/wp-content\/uploads\/2026\/04\/681414352_1367849262050979_8072255404331270462_n.jpg 1217w\" sizes=\"auto, (max-width: 1024px) 100vw, 1024px\" \/><\/figure>\n","protected":false},"excerpt":{"rendered":"<p>Le moment de jardiner est arriv\u00e9 ! L\u2019Association des Parents d\u2019\u00c9l\u00e8ves de l\u2019\u00e9cole \u00e9l\u00e9mentaire de Vailly vous propose une belle vente de plantons pr\u00eats \u00e0 \u00eatre repiqu\u00e9s ainsi qu\u2019une s\u00e9lection de fleurs pour embellir vos jardins, balcons et potagers \ud83c\udf31<\/p>\n","protected":false},"author":1,"featured_media":6098,"comment_status":"closed","ping_status":"closed","sticky":false,"template":"","format":"standard","meta":{"_mi_skip_tracking":false,"footnotes":""},"categories":[27,17],"tags":[],"class_list":["post-6095","post","type-post","status-publish","format-standard","has-post-thumbnail","hentry","category-associations","category-evenement"],"_links":{"self":[{"href":"https:\/\/vailly74.fr\/index.php\/wp-json\/wp\/v2\/posts\/6095","targetHints":{"allow":["GET"]}}],"collection":[{"href":"https:\/\/vailly74.fr\/index.php\/wp-json\/wp\/v2\/posts"}],"about":[{"href":"https:\/\/vailly74.fr\/index.php\/wp-json\/wp\/v2\/types\/post"}],"author":[{"embeddable":true,"href":"https:\/\/vailly74.fr\/index.php\/wp-json\/wp\/v2\/users\/1"}],"replies":[{"embeddable":true,"href":"https:\/\/vailly74.fr\/index.php\/wp-json\/wp\/v2\/comments?post=6095"}],"version-history":[{"count":1,"href":"https:\/\/vailly74.fr\/index.php\/wp-json\/wp\/v2\/posts\/6095\/revisions"}],"predecessor-version":[{"id":6099,"href":"https:\/\/vailly74.fr\/index.php\/wp-json\/wp\/v2\/posts\/6095\/revisions\/6099"}],"wp:featuredmedia":[{"embeddable":true,"href":"https:\/\/vailly74.fr\/index.php\/wp-json\/wp\/v2\/media\/6098"}],"wp:attachment":[{"href":"https:\/\/vailly74.fr\/index.php\/wp-json\/wp\/v2\/media?parent=6095"}],"wp:term":[{"taxonomy":"category","embeddable":true,"href":"https:\/\/vailly74.fr\/index.php\/wp-json\/wp\/v2\/categories?post=6095"},{"taxonomy":"post_tag","embeddable":true,"href":"https:\/\/vailly74.fr\/index.php\/wp-json\/wp\/v2\/tags?post=6095"}],"curies":[{"name":"wp","href":"https:\/\/api.w.org\/{rel}","templated":true}]}}