{"id":2590,"date":"2025-05-15T13:22:23","date_gmt":"2025-05-15T11:22:23","guid":{"rendered":"http:\/\/vailly74.fr\/?p=2590"},"modified":"2026-01-09T09:13:19","modified_gmt":"2026-01-09T08:13:19","slug":"frelon-asiatique-en-auvergne-rhone-alpes","status":"publish","type":"post","link":"https:\/\/vailly74.fr\/index.php\/2025\/05\/15\/frelon-asiatique-en-auvergne-rhone-alpes\/","title":{"rendered":"Frelon asiatique en Auvergne Rh\u00f4ne-Alpes"},"content":{"rendered":"\n<p>Le frelon asiatique poursuit sa progression sur le territoire.<\/p>\n\n\n\n<p>Outre la probl\u00e9matique li\u00e9e \u00e0 sa pr\u00e9sence sur les zones urbanis\u00e9es, il repr\u00e9sente une v\u00e9ritable menace pour la biodiversit\u00e9 et la sant\u00e9 des abeilles.<\/p>\n\n\n\n<p>Les d\u00e9clarations de nids de frelons asiatiques sur la plateforme <a href=\"https:\/\/mibc-fr-01.mailinblack.com\/securelink\/?url=https:\/\/r.email.frgdsaura.fr&amp;key=eyJsYW5nIjoiRlIiLCJ1cmwiOiJodHRwczovL3IuZW1haWwuZnJnZHNhdXJhLmZyL21rL2NsL2Yvc2gvU01LMUU4dEhlRnVCbmJaU2hMVlcwaFR4aDMyby9YaGdNMnNvb1I5WFciLCJ0b2tlbiI6ImdBQUFBQUJvSXZXYW1RZnJuNWhLUzVQVFcyMm1aU0dFWUtyNUZMLWQyWkZ2S2xqSUNaajRGc1plaHhCR3dZNWZGaXRfbFpCRE55NFU0bUFVeUdoajB5TkdOVFN4ZTdWZmd6VC1zc283emJIRFR4dDVpT1RhQjZvdHNJX3phcVRFZ1JmZWpkT3lVbkhZTVM5anlUOXdvRWZYZVNoVDk5bmJza1NaRnhQTGIzeDFXN2hYMDRQMWtTNmtnSkthSVgyMnY5R3IzVGdvZjl6emVzVGxYSzdMN3RKZTE2Z2gtZk92ZXhOS3p6ZFFOaFlpX3M0djc0RjdqQWFmOUdyc2RpTUxLRjdMMzlPWHB0WVRYNHhfbGEzQi1iMkRSdkV5aWdaOEZJUGdKVUdWeWFreHdaX3JESE9EQ1BHd2tVU2xQS2xNWUtjOWVhQ29mZUkzIn0=\">www.frelonsasiatiques.fr<\/a> sont essentielles dans la lutte contre ce fl\u00e9au.&nbsp;<\/p>\n\n\n\n<div data-wp-interactive=\"core\/file\" class=\"wp-block-file\"><object data-wp-bind--hidden=\"!state.hasPdfPreview\" hidden class=\"wp-block-file__embed\" data=\"https:\/\/vailly74.fr\/wp-content\/uploads\/2025\/05\/frelon-asiatique-nids-primaires-version-if.pdf\" type=\"application\/pdf\" style=\"width:100%;height:600px\" aria-label=\"Contenu embarqu\u00e9 frelon-asiatique-nids-primaires-version-if.\"><\/object><a id=\"wp-block-file--media-2671b7f5-644c-489b-b911-52e8119907b2\" href=\"https:\/\/vailly74.fr\/wp-content\/uploads\/2025\/05\/frelon-asiatique-nids-primaires-version-if.pdf\">frelon-asiatique-nids-primaires-version-if<\/a><a href=\"https:\/\/vailly74.fr\/wp-content\/uploads\/2025\/05\/frelon-asiatique-nids-primaires-version-if.pdf\" class=\"wp-block-file__button wp-element-button\" download aria-describedby=\"wp-block-file--media-2671b7f5-644c-489b-b911-52e8119907b2\">T\u00e9l\u00e9charger<\/a><\/div>\n","protected":false},"excerpt":{"rendered":"<p>Le frelon asiatique poursuit sa progression sur le territoire. Outre la probl\u00e9matique li\u00e9e \u00e0 sa pr\u00e9sence sur les zones urbanis\u00e9es, il repr\u00e9sente une v\u00e9ritable menace pour la biodiversit\u00e9 et la sant\u00e9 des abeilles. Les d\u00e9clarations de nids de frelons asiatiques<\/p>\n","protected":false},"author":1,"featured_media":5545,"comment_status":"closed","ping_status":"closed","sticky":false,"template":"","format":"standard","meta":{"_mi_skip_tracking":false,"footnotes":""},"categories":[13],"tags":[],"class_list":["post-2590","post","type-post","status-publish","format-standard","has-post-thumbnail","hentry","category-environnement"],"_links":{"self":[{"href":"https:\/\/vailly74.fr\/index.php\/wp-json\/wp\/v2\/posts\/2590","targetHints":{"allow":["GET"]}}],"collection":[{"href":"https:\/\/vailly74.fr\/index.php\/wp-json\/wp\/v2\/posts"}],"about":[{"href":"https:\/\/vailly74.fr\/index.php\/wp-json\/wp\/v2\/types\/post"}],"author":[{"embeddable":true,"href":"https:\/\/vailly74.fr\/index.php\/wp-json\/wp\/v2\/users\/1"}],"replies":[{"embeddable":true,"href":"https:\/\/vailly74.fr\/index.php\/wp-json\/wp\/v2\/comments?post=2590"}],"version-history":[{"count":5,"href":"https:\/\/vailly74.fr\/index.php\/wp-json\/wp\/v2\/posts\/2590\/revisions"}],"predecessor-version":[{"id":5548,"href":"https:\/\/vailly74.fr\/index.php\/wp-json\/wp\/v2\/posts\/2590\/revisions\/5548"}],"wp:featuredmedia":[{"embeddable":true,"href":"https:\/\/vailly74.fr\/index.php\/wp-json\/wp\/v2\/media\/5545"}],"wp:attachment":[{"href":"https:\/\/vailly74.fr\/index.php\/wp-json\/wp\/v2\/media?parent=2590"}],"wp:term":[{"taxonomy":"category","embeddable":true,"href":"https:\/\/vailly74.fr\/index.php\/wp-json\/wp\/v2\/categories?post=2590"},{"taxonomy":"post_tag","embeddable":true,"href":"https:\/\/vailly74.fr\/index.php\/wp-json\/wp\/v2\/tags?post=2590"}],"curies":[{"name":"wp","href":"https:\/\/api.w.org\/{rel}","templated":true}]}}